{"id":3684,"date":"2024-05-07T15:50:04","date_gmt":"2024-05-07T13:50:04","guid":{"rendered":"https:\/\/amblaja.esteri.it\/?p=3684"},"modified":"2024-05-07T16:04:45","modified_gmt":"2024-05-07T14:04:45","slug":"den-haag-herdenkt-la-giornata-della-memoria-nei-paesi-bassi","status":"publish","type":"post","link":"https:\/\/amblaja.esteri.it\/it\/news\/dall_ambasciata\/2024\/05\/den-haag-herdenkt-la-giornata-della-memoria-nei-paesi-bassi\/","title":{"rendered":"Den Haag Herdenkt &#8211; La Giornata della Memoria nei Paesi Bassi"},"content":{"rendered":"<p>Il 4 maggio, a L&#8217;Aia, si \u00e8 tenuta una toccante commemorazione in occasione del Giorno della Memoria Nazionale dei Paesi Bassi. La cerimonia si \u00e8 svolta con solennit\u00e0 presso la Grote Kerk alla presenza del sindaco Jan van Zanen e con partecipazione dell&#8217;Ambasciatore Novello.<\/p>\n<p>Un momento di profonda riflessione \u00e8 stato offerto dal discorso centrale di John Dunkelgr\u00fcn, il cui padre ebreo fu salvato dall&#8217;Olocausto grazie ad un dipendente dell&#8217;Ambasciata italiana, Pacifico Marchesini.<\/p>\n<p>Nel suo intervento, Dunkelgr\u00fcn ha evocato la memoria di Pacifico Marchesini, riconosciuto come &#8220;giusto tra le nazioni&#8221;, sottolineando l&#8217;importanza del costante impegno dell&#8217;Ambasciata e dell&#8217;Ambasciatore nella preservazione di questa pagina dolorosa della storia.<\/p>\n<p>Dopo la cerimonia, i partecipanti, incluso l&#8217;Ambasciatore, hanno reso omaggio ai caduti depositando fiori al monumento di fronte al Palazzo della Pace. Un momento di raccoglimento e gratitudine che ha dato voce alle vittime e all&#8217;eroismo di coloro che hanno lottato per la giustizia e la dignit\u00e0 umana.<\/p>\n<p>______________________________________________________________________________________________________________________________________<\/p>\n<p>On May 4th, in The Hague, a moving commemoration was held on the occasion of the National Remembrance Day of the Netherlands. The ceremony took place solemnly at the Grote Kerk in the presence of Mayor Jan van Zanen and with the participation of Ambassador Novello.<\/p>\n<p>A moment of deep reflection was provided by the keynote speech of John Dunkelgr\u00fcn, whose Jewish father was saved from the Holocaust by an employee of the Italian Embassy, Pacifico Marchesini.<\/p>\n<p>In his speech, Dunkelgr\u00fcn evoked the memory of Pacifico Marchesini, recognized as &#8220;Righteous Among the Nations,&#8221; highlighting the importance of the Embassy&#8217;s and the Ambassador&#8217;s ongoing commitment to preserving this painful page of history.<\/p>\n<p>After the ceremony, the participants, including the Ambassador, paid tribute to the fallen by laying flowers at the monument in front of the Peace Palace. A moment of contemplation and gratitude that gave voice to the victims and the heroism of those who fought for justice and human dignity.<\/p>\n<p>&nbsp;<\/p>\n<p>&nbsp;<\/p>\n<p>&nbsp;<\/p>\n<p>&nbsp;<\/p>\n","protected":false},"excerpt":{"rendered":"Il 4 maggio, a L&#8217;Aia, si \u00e8 tenuta una toccante commemorazione in occasione del Giorno della Memoria Nazionale dei Paesi Bassi. La cerimonia si \u00e8 svolta con solennit\u00e0 presso la Grote Kerk alla presenza del sindaco Jan van Zanen e con partecipazione dell&#8217;Ambasciatore Novello. Un momento di profonda riflessione \u00e8 stato offerto dal discorso centrale [&hellip;]","protected":false},"author":5,"featured_media":3685,"comment_status":"closed","ping_status":"closed","sticky":false,"template":"","format":"standard","meta":{"footnotes":""},"tags":[7],"class_list":["post-3684","post","type-post","status-publish","format-standard","has-post-thumbnail","hentry","tag-diplomazia-culturale"],"_links":{"self":[{"href":"https:\/\/amblaja.esteri.it\/it\/wp-json\/wp\/v2\/posts\/3684","targetHints":{"allow":["GET"]}}],"collection":[{"href":"https:\/\/amblaja.esteri.it\/it\/wp-json\/wp\/v2\/posts"}],"about":[{"href":"https:\/\/amblaja.esteri.it\/it\/wp-json\/wp\/v2\/types\/post"}],"author":[{"embeddable":true,"href":"https:\/\/amblaja.esteri.it\/it\/wp-json\/wp\/v2\/users\/5"}],"replies":[{"embeddable":true,"href":"https:\/\/amblaja.esteri.it\/it\/wp-json\/wp\/v2\/comments?post=3684"}],"version-history":[{"count":5,"href":"https:\/\/amblaja.esteri.it\/it\/wp-json\/wp\/v2\/posts\/3684\/revisions"}],"predecessor-version":[{"id":3691,"href":"https:\/\/amblaja.esteri.it\/it\/wp-json\/wp\/v2\/posts\/3684\/revisions\/3691"}],"wp:featuredmedia":[{"embeddable":true,"href":"https:\/\/amblaja.esteri.it\/it\/wp-json\/wp\/v2\/media\/3685"}],"wp:attachment":[{"href":"https:\/\/amblaja.esteri.it\/it\/wp-json\/wp\/v2\/media?parent=3684"}],"wp:term":[{"taxonomy":"post_tag","embeddable":true,"href":"https:\/\/amblaja.esteri.it\/it\/wp-json\/wp\/v2\/tags?post=3684"}],"curies":[{"name":"wp","href":"https:\/\/api.w.org\/{rel}","templated":true}]}}