{"id":4661,"date":"2025-03-21T15:28:24","date_gmt":"2025-03-21T13:28:24","guid":{"rendered":"https:\/\/amblaja.esteri.it\/?p=4661"},"modified":"2025-03-21T15:36:42","modified_gmt":"2025-03-21T13:36:42","slug":"saluto-ambasciatore-giorgio-novello","status":"publish","type":"post","link":"https:\/\/amblaja.esteri.it\/it\/news\/dall_ambasciata\/2025\/03\/saluto-ambasciatore-giorgio-novello\/","title":{"rendered":"Saluto Ambasciatore Giorgio Novello"},"content":{"rendered":"<p style=\"text-align: justify;\">Cari amici connazionali, Cari amici olandesi, Cari amici internazionali,<\/p>\n<p style=\"text-align: justify;\">A fine mese lascer\u00f2 ufficialmente il mio incarico di Ambasciatore d\u2019Italia presso il Regno dei Paesi Bassi e di Rappresentante Permanente presso l\u2019Organizzazione per la Proibizione delle Armi Chimiche (OPAC), dopo aver portato a compimento il mio mandato.<\/p>\n<p style=\"text-align: justify;\">Sono arrivato a L\u2019Aja nel novembre del 2020, con mia moglie Biancamaria. Vi ho passato oltre quattro anni intensissimi, impegnativi e gratificanti. Ho visto l\u2019Italia crescere progressivamente nell\u2019apprezzamento e nella stima anche qui nei Paesi Bassi, acquisendo un peso sempre pi\u00f9 rilevante anche nelle molteplici organizzazioni internazionali qui presenti.<\/p>\n<p style=\"text-align: justify;\">Ho riscontrato, giorno dopo giorno, una crescente sintonia tra italiani, olandesi e internazionali, uniti da una sincera ricerca di progresso in tutti i settori, dai pi\u00f9 tradizionali a quelli pi\u00f9 moderni.<\/p>\n<p style=\"text-align: justify;\">Desidero ringraziarVi. Tutti.<\/p>\n<p style=\"text-align: justify;\">Desidero ringraziare le Autorit\u00e0 istituzionali-politiche italiane e olandesi. Grazie a loro hanno avuto luogo due eventi memorabili tra tutti: la visita di Stato del Presidente della Repubblica Sergio Mattarella in ben quattro localit\u00e0 olandesi nel novembre 2022; e il tavolo Van Wittel-Vanvitelli a Rotterdam nel maggio 2023, co-presieduto dal Vicepresidente dei Ministri e Ministro degli affari esteri Antonio Tajani, che lo ha voluto fortemente esteso anche a una dimensione economica-imprenditoriale.<\/p>\n<p style=\"text-align: justify;\">Ho visto giorno per giorno l\u2019accresciuto ruolo dell\u2019Italia nelle Organizzazioni Internazionali, nel mio ruolo in particolare di vicepresidente del consiglio esecutivo dell\u2019OPAC, di membro del Bureau della CPI, di membro del Consiglio di Amministrazione della CPA, di co-agente del governo italiano dinanzi alla CIG, ho anche potuto costantemente verificare l\u2019eccellenza del personale italiano in servizio presso queste ultime e in tante altre realt\u00e0 internazionali che vanno dallo spazio, ai medicinali, alla cooperazione giuridica, alla collaborazione di polizia.<\/p>\n<p style=\"text-align: justify;\">Desidero ringraziare gli amici olandesi, italiani ed internazionali, nei molteplici e vastissimi settori nei quali ho potuto interloquire con loro: l\u2019alta amministrazione, le forze di polizia, le universit\u00e0, i centri di ricerca, le associazioni di impresa, le singole imprese, gli artisti, gli scrittori, i politologi, i militari, i giuristi, le associazioni di volontariato.<\/p>\n<p style=\"text-align: justify;\">Desidero ringraziare la comunit\u00e0 italiana nei Paesi Bassi, che ha rappresentato (e continuer\u00e0 a farlo) in modo eccellente l\u2019immagine del nostro Paese in Olanda, in Europa e nel Mondo. Sono molto orgoglioso di aver potuto mostrare al Presidente Mattarella come i nostri connazionali siano presenti in maniera eccellente in tutti i settori, da quelli pi\u00f9 tradizionali interpretati in chiave sempre pi\u00f9 moderna, a quelli pi\u00f9 innovativi in cui riserviamo la nostra antica sapienza.<\/p>\n<p style=\"text-align: justify;\">Un grazie particolare al mondo del volontariato italiano ed olandese, cos\u00ec vicino anche alle persone bisognose, con occhio di riguardo per le persone diversamente abili.<\/p>\n<p style=\"text-align: justify;\">Un grazie ai diversi enti che mi hanno voluto tra le loro fila, conferendomi importanti forme di riconoscimento. Sono ora membro onorario: dell\u2019Accademia della cucina italiana, della Soci\u00ebteit De Witte, del tavolo SPQR, dei Cavalieri del Tartufo, dell\u2019associazione dei Cavalieri d\u2019Italia, del comitato di sostegno del Museo delle terme di Heerlen, sono co-patrono onorario dell\u2019America Europe Friendship Association (AEFA), sono l\u2019honorary executive fellowship dell\u2019Universit\u00e0 Erasmus di Rotterdam. Continuo ad essere patrono d\u2019onore dell\u2019Unione Universale di Esperanto con sede a Rotterdam.<\/p>\n<p style=\"text-align: justify;\">Rinnovo le mie congratulazioni ai nuovi Cavalieri dell\u2019Ordine della Stella D\u2019Italia, ai quali ho avuto il piacere di consegnare personalmente le insegne e il diploma firmato dal Presidente della Repubblica e dal Ministro degli Affari Esteri. In loro, i nostri vertici istituzionali e politici hanno voluto, accogliendo la mia iniziativa, premiare in loro le eccellenze nei vari settori che ho via via incontrato nel mio ormai lungo mandato.<\/p>\n<p style=\"text-align: justify;\">Un ringraziamento del tutto speciale ai miei colleghi dell\u2019Ambasciata italiana L\u2019Aja e dell\u2019Istituto di Cultura di Amsterdam, a quelli che sono ancora in servizio e a quelli che, completato il loro mandato, sono gi\u00e0 rientrati in patria o partiti per altre sedi. Ci siamo impegnati, giorno dopo giorno, in un compito non facile, con scarsit\u00e0 di mezzi e di personale, ma non ci \u00e8 mai mancata la tenacia, la creativit\u00e0 e la volont\u00e0 di far del bene ogni giorno. Le lusinghiere espressioni di apprezzamento da parte di tanti sono, credo, il miglior riconoscimento delle Vostre qualit\u00e0 professionali e umane.<\/p>\n<p style=\"text-align: justify;\">Al mio ormai prossimo rientro a Roma mi occuper\u00f2 di questioni giuridiche, continuando la mia esperienza maturata presso le varie Corti Internazionali qui presenti. Si tratta di un incarico a me particolarmente gradito. Sar\u00e0 un modo per restare ancora in contatto con questo magnifico paese, con queste vibranti organizzazioni internazionali e con i tanti amici che ho qui trovato.<\/p>\n<p style=\"text-align: justify;\">Vi saluto con grande stima e affetto, uno ad uno.<\/p>\n<p style=\"text-align: justify;\">Giorgio Novello<\/p>\n<p>&nbsp;<\/p>\n<p style=\"text-align: justify;\"><a href=\"https:\/\/amblaja.esteri.it\/wp-content\/uploads\/2025\/03\/Messaggio-ambasciatore-Novello-fine-mandato-inglese.pdf\">LINK<\/a> per versione in inglese.<\/p>\n","protected":false},"excerpt":{"rendered":"Cari amici connazionali, Cari amici olandesi, Cari amici internazionali, A fine mese lascer\u00f2 ufficialmente il mio incarico di Ambasciatore d\u2019Italia presso il Regno dei Paesi Bassi e di Rappresentante Permanente presso l\u2019Organizzazione per la Proibizione delle Armi Chimiche (OPAC), dopo aver portato a compimento il mio mandato. Sono arrivato a L\u2019Aja nel novembre del 2020, [&hellip;]","protected":false},"author":12,"featured_media":4664,"comment_status":"closed","ping_status":"closed","sticky":false,"template":"","format":"standard","meta":{"footnotes":""},"tags":[],"class_list":["post-4661","post","type-post","status-publish","format-standard","has-post-thumbnail","hentry"],"_links":{"self":[{"href":"https:\/\/amblaja.esteri.it\/it\/wp-json\/wp\/v2\/posts\/4661","targetHints":{"allow":["GET"]}}],"collection":[{"href":"https:\/\/amblaja.esteri.it\/it\/wp-json\/wp\/v2\/posts"}],"about":[{"href":"https:\/\/amblaja.esteri.it\/it\/wp-json\/wp\/v2\/types\/post"}],"author":[{"embeddable":true,"href":"https:\/\/amblaja.esteri.it\/it\/wp-json\/wp\/v2\/users\/12"}],"replies":[{"embeddable":true,"href":"https:\/\/amblaja.esteri.it\/it\/wp-json\/wp\/v2\/comments?post=4661"}],"version-history":[{"count":6,"href":"https:\/\/amblaja.esteri.it\/it\/wp-json\/wp\/v2\/posts\/4661\/revisions"}],"predecessor-version":[{"id":4686,"href":"https:\/\/amblaja.esteri.it\/it\/wp-json\/wp\/v2\/posts\/4661\/revisions\/4686"}],"wp:featuredmedia":[{"embeddable":true,"href":"https:\/\/amblaja.esteri.it\/it\/wp-json\/wp\/v2\/media\/4664"}],"wp:attachment":[{"href":"https:\/\/amblaja.esteri.it\/it\/wp-json\/wp\/v2\/media?parent=4661"}],"wp:term":[{"taxonomy":"post_tag","embeddable":true,"href":"https:\/\/amblaja.esteri.it\/it\/wp-json\/wp\/v2\/tags?post=4661"}],"curies":[{"name":"wp","href":"https:\/\/api.w.org\/{rel}","templated":true}]}}