{"id":4977,"date":"2025-04-30T16:33:33","date_gmt":"2025-04-30T14:33:33","guid":{"rendered":"https:\/\/amblaja.esteri.it\/?p=4977"},"modified":"2025-04-30T16:33:33","modified_gmt":"2025-04-30T14:33:33","slug":"grazie-di-cuore-adrianus","status":"publish","type":"post","link":"https:\/\/amblaja.esteri.it\/it\/news\/dall_ambasciata\/2025\/04\/grazie-di-cuore-adrianus\/","title":{"rendered":"Grazie di cuore, Adrianus"},"content":{"rendered":"<p>Dopo 34 anni al servizio delle istituzioni italiane nei Paesi Bassi \u2014 dal Consolato di Rotterdam (1991\u20131998), passando per il Consolato di Amsterdam (1998\u20132014), fino all\u2019Ambasciata d\u2019Italia a L\u2019Aja (2014\u20132025) \u2014 il nostro stimato collega e amico Adrianus Van der Velden andr\u00e0 in pensione il 1\u00b0 maggio 2025.<\/p>\n<p>In tutti questi anni \u00e8 stato molto pi\u00f9 di un impiegato consolare: \u00e8 stato un punto di riferimento, un esempio di dedizione, competenza e soprattutto di umanit\u00e0. Sempre disponibile verso i connazionali in difficolt\u00e0 e pronto ad aiutare e sostenere ogni collega che chiedeva il suo aiuto, ha saputo costruire ponti tra le istituzioni italiane e quelle olandesi, interpretando alla perfezione il suo ruolo di mediatore interculturale.<\/p>\n<p>Laureato in Lingua e Letteratura Italiana all\u2019Universit\u00e0 di Amsterdam, con una tesi sul poeta umbro Francesco Angeloni, Van der Velden ha unito profonda cultura e senso delle istituzioni in tutto il suo percorso professionale.<\/p>\n<p>Le sue eccezionali qualit\u00e0 professionali e il suo spirito di servizio sono state riconosciute da tutti gli Ambasciatori che si sono avvicendati, che lo hanno sempre stimato come figura di assoluto rilievo. Esperto in ogni ambito consolare, pioniere nell\u2019informatica e nella digitalizzazione, ha rappresentato per anni il cuore silenzioso ed efficiente dell\u2019operativit\u00e0 della nostra sede.<\/p>\n<p>Ma soprattutto, Van der Velden \u00e8 stato per tutti noi una persona su cui contare, un amico sincero, una presenza discreta e rassicurante.<\/p>\n<p>Le sue qualit\u00e0 umane non verranno dimenticate. Saranno per noi un esempio da seguire.<\/p>\n<p>Grazie di tutto, Adrianus<\/p>\n","protected":false},"excerpt":{"rendered":"Dopo 34 anni al servizio delle istituzioni italiane nei Paesi Bassi \u2014 dal Consolato di Rotterdam (1991\u20131998), passando per il Consolato di Amsterdam (1998\u20132014), fino all\u2019Ambasciata d\u2019Italia a L\u2019Aja (2014\u20132025) \u2014 il nostro stimato collega e amico Adrianus Van der Velden andr\u00e0 in pensione il 1\u00b0 maggio 2025. In tutti questi anni \u00e8 stato molto [&hellip;]","protected":false},"author":12,"featured_media":4978,"comment_status":"closed","ping_status":"closed","sticky":false,"template":"","format":"standard","meta":{"footnotes":""},"tags":[],"class_list":["post-4977","post","type-post","status-publish","format-standard","has-post-thumbnail","hentry"],"_links":{"self":[{"href":"https:\/\/amblaja.esteri.it\/it\/wp-json\/wp\/v2\/posts\/4977","targetHints":{"allow":["GET"]}}],"collection":[{"href":"https:\/\/amblaja.esteri.it\/it\/wp-json\/wp\/v2\/posts"}],"about":[{"href":"https:\/\/amblaja.esteri.it\/it\/wp-json\/wp\/v2\/types\/post"}],"author":[{"embeddable":true,"href":"https:\/\/amblaja.esteri.it\/it\/wp-json\/wp\/v2\/users\/12"}],"replies":[{"embeddable":true,"href":"https:\/\/amblaja.esteri.it\/it\/wp-json\/wp\/v2\/comments?post=4977"}],"version-history":[{"count":1,"href":"https:\/\/amblaja.esteri.it\/it\/wp-json\/wp\/v2\/posts\/4977\/revisions"}],"predecessor-version":[{"id":4980,"href":"https:\/\/amblaja.esteri.it\/it\/wp-json\/wp\/v2\/posts\/4977\/revisions\/4980"}],"wp:featuredmedia":[{"embeddable":true,"href":"https:\/\/amblaja.esteri.it\/it\/wp-json\/wp\/v2\/media\/4978"}],"wp:attachment":[{"href":"https:\/\/amblaja.esteri.it\/it\/wp-json\/wp\/v2\/media?parent=4977"}],"wp:term":[{"taxonomy":"post_tag","embeddable":true,"href":"https:\/\/amblaja.esteri.it\/it\/wp-json\/wp\/v2\/tags?post=4977"}],"curies":[{"name":"wp","href":"https:\/\/api.w.org\/{rel}","templated":true}]}}