{"id":5978,"date":"2025-10-27T13:25:58","date_gmt":"2025-10-27T11:25:58","guid":{"rendered":"https:\/\/amblaja.esteri.it\/?p=5978"},"modified":"2025-10-29T13:38:10","modified_gmt":"2025-10-29T11:38:10","slug":"visita-dellambasciatore-augusto-massari-al-museo-thermenmuseum-di-heerlen","status":"publish","type":"post","link":"https:\/\/amblaja.esteri.it\/it\/news\/dall_ambasciata\/2025\/10\/visita-dellambasciatore-augusto-massari-al-museo-thermenmuseum-di-heerlen\/","title":{"rendered":"Visita dell\u2019Ambasciatore Augusto Massari al Museo Thermenmuseum di Heerlen"},"content":{"rendered":"<p><strong>Heerlen, 27 ottobre 2025 &#8211;\u00a0<\/strong>L\u2019Ambasciatore d\u2019Italia nei Paesi Bassi, Augusto Massari, ha incontrato il Sindaco di Heerlen, Roel Wever, e il Direttore del Thermenmuseum, Gert-Jan de Graaf, in occasione della visita al Museo Romano della citt\u00e0. I legami tra Heerlen, il museo e l\u2019Italia erano gi\u00e0 stati sottolineati nel novembre 2022, durante la visita del Presidente della Repubblica Sergio Mattarella.<\/p>\n<p>Il museo conserva i resti di un edificio termale di 2.500 m\u00b2 risalente al 63 d.C., inserito nel Canone dei Paesi Bassi, che raccoglie i 50 nomi, luoghi ed eventi pi\u00f9 significativi della storia olandese. L\u2019Ambasciatore Massari ha evidenziato l\u2019importanza del lavoro delle autorit\u00e0 olandesi nella conservazione e manutenzione del sito e ha ricordato come un sito romano nel cuore dell\u2019Europa testimoni l\u2019eredit\u00e0 di Roma sulla cultura europea, in particolare nei valori fondamentali di religione, filosofia e diritto.<\/p>\n<p>L\u2019Ambasciatore Augusto Massari \u2013 al termine della visita &#8211; ha affermato: \u201cCi troviamo nel cuore dell&#8217;Europa e, davanti alle straordinarie rovine di un edificio termale romano risalente al 63 d.C., due riflessioni immediate sorgono nella mente del visitatore.<br \/>\nLa prima \u00e8 un grande apprezzamento per le autorit\u00e0 locali e nazionali olandesi per il loro impegno nella conservazione e nel restauro di questo straordinario pezzo di patrimonio romano. Grazie alla loro visione e dedizione, il complesso termale romano di Heerlen \u00e8 stato trasformato da fragile sito archeologico a testimonianza vivente del dialogo culturale e storico tra i Paesi Bassi e l&#8217;Antica Roma. Ne \u00e8 prova il fatto che questo complesso \u00e8 stato inserito nel Canone dei Paesi Bassi.<br \/>\nIl secondo \u00e8 che \u00e8 impossibile separare la storia dell&#8217;Antica Roma dall&#8217;Europa che conosciamo oggi. Questo \u00e8 ci\u00f2 che intendiamo quando parliamo di radici e cultura europee condivise. Roma ha ereditato il patrimonio di Gerusalemme e Atene, lo ha coltivato e arricchito con leggi e ordine, e lo ha trasferito a tutti i suoi possedimenti, diffondendolo in tutta Europa. Religione, filosofia, diritto. In breve, la nostra cultura. Non ci stancheremo mai di continuare a ricordare quali sono le nostre radici. \u00c8 un piacere per me essere qui oggi e vorrei ricordare che il Presidente Mattarella ha visitato questo museo nel novembre 2022. La collaborazione nella salvaguardia del nostro patrimonio comune \u00e8 un simbolo del forte legame tra i nostri Paesi e del nostro impegno comune a promuovere la nostra cultura come pietra angolare dell&#8217;identit\u00e0 europea nel futuro\u201d.<\/p>\n","protected":false},"excerpt":{"rendered":"Heerlen, 27 ottobre 2025 &#8211;\u00a0L\u2019Ambasciatore d\u2019Italia nei Paesi Bassi, Augusto Massari, ha incontrato il Sindaco di Heerlen, Roel Wever, e il Direttore del Thermenmuseum, Gert-Jan de Graaf, in occasione della visita al Museo Romano della citt\u00e0. I legami tra Heerlen, il museo e l\u2019Italia erano gi\u00e0 stati sottolineati nel novembre 2022, durante la visita del [&hellip;]","protected":false},"author":13,"featured_media":5981,"comment_status":"closed","ping_status":"closed","sticky":false,"template":"","format":"standard","meta":{"footnotes":""},"tags":[],"class_list":["post-5978","post","type-post","status-publish","format-standard","has-post-thumbnail","hentry"],"_links":{"self":[{"href":"https:\/\/amblaja.esteri.it\/it\/wp-json\/wp\/v2\/posts\/5978","targetHints":{"allow":["GET"]}}],"collection":[{"href":"https:\/\/amblaja.esteri.it\/it\/wp-json\/wp\/v2\/posts"}],"about":[{"href":"https:\/\/amblaja.esteri.it\/it\/wp-json\/wp\/v2\/types\/post"}],"author":[{"embeddable":true,"href":"https:\/\/amblaja.esteri.it\/it\/wp-json\/wp\/v2\/users\/13"}],"replies":[{"embeddable":true,"href":"https:\/\/amblaja.esteri.it\/it\/wp-json\/wp\/v2\/comments?post=5978"}],"version-history":[{"count":1,"href":"https:\/\/amblaja.esteri.it\/it\/wp-json\/wp\/v2\/posts\/5978\/revisions"}],"predecessor-version":[{"id":5993,"href":"https:\/\/amblaja.esteri.it\/it\/wp-json\/wp\/v2\/posts\/5978\/revisions\/5993"}],"wp:featuredmedia":[{"embeddable":true,"href":"https:\/\/amblaja.esteri.it\/it\/wp-json\/wp\/v2\/media\/5981"}],"wp:attachment":[{"href":"https:\/\/amblaja.esteri.it\/it\/wp-json\/wp\/v2\/media?parent=5978"}],"wp:term":[{"taxonomy":"post_tag","embeddable":true,"href":"https:\/\/amblaja.esteri.it\/it\/wp-json\/wp\/v2\/tags?post=5978"}],"curies":[{"name":"wp","href":"https:\/\/api.w.org\/{rel}","templated":true}]}}