{"id":6173,"date":"2025-11-10T15:09:15","date_gmt":"2025-11-10T13:09:15","guid":{"rendered":"https:\/\/amblaja.esteri.it\/?p=6173"},"modified":"2025-11-12T15:23:42","modified_gmt":"2025-11-12T13:23:42","slug":"lospitalita-italiana","status":"publish","type":"post","link":"https:\/\/amblaja.esteri.it\/it\/news\/dall_ambasciata\/2025\/11\/lospitalita-italiana\/","title":{"rendered":"L&#8217;Ospitalit\u00e0 Italiana"},"content":{"rendered":"<p style=\"text-align: justify; line-height: 115%;\">In occasione della Settimana della Cucina Italiana nel Mondo, l\u2019Ambasciata d\u2019Italia a L\u2019Aia e la Camera di Commercio Italiana nei Paesi Bassi sono lieti di annunciare l\u2019iniziativa Ospitalit\u00e0 Italiana. Dal 17 al 23 novembre 2025 i ristoranti certificati con il marchio Ospitalit\u00e0 Italiana proporranno men\u00f9 ad hoc. Si riportano in fondo i ristoranti aderenti all\u2019iniziativa.<\/p>\n<p style=\"text-align: justify; line-height: 115%;\">Il marchio Ospitalit\u00e0 Italiana certifica i ristoranti che garantiscono un sapore autentico, qualit\u00e0 e tradizione. Ognuno viene valutato in base a dieci criteri fondamentali, tra cui l\u2019origine degli ingredienti e della carta dei vini, le qualit\u00e0 dello chef, la formazione e lo spirito di squadra.<\/p>\n<p style=\"text-align: justify; line-height: 115%;\">Il tema della Settimana della Cucina Italiana nel Mondo di quest\u2019anno \u00e8: \u2018\u2019Salute, Cultura e Innovazione\u2019\u2019. L\u2019iniziativa si inserisce nel progetto di promozione della cucina italiana nel mondo promosso dal Ministero degli Affari Esteri e della Cooperazione Internazionale. La cucina italiana \u00e8 stata candidata nel 2023 come patrimonio immateriale dell\u2019umanit\u00e0 UNESCO.<\/p>\n<p style=\"text-align: justify; line-height: 115%;\">Pur rimanendo fedele alle sue radici, la cucina italiana continua a evolversi: una tradizione viva, tramandata di generazione in generazione. La si pu\u00f2 assaporare in ogni pasto, condiviso con la famiglia, gli amici o gli ospiti, non solo tra i 60 milioni di italiani in patria, ma anche tra gli oltre 80 milioni di italiani nel mondo.<\/p>\n<p><a href=\"https:\/\/amblaja.esteri.it\/wp-content\/uploads\/2025\/11\/flyer_Italiaanse_Ambassade_V3_zondersnijtekens.pdf\">Link locandina ristoranti aderenti all&#8217;iniziativa<\/a><\/p>\n","protected":false},"excerpt":{"rendered":"In occasione della Settimana della Cucina Italiana nel Mondo, l\u2019Ambasciata d\u2019Italia a L\u2019Aia e la Camera di Commercio Italiana nei Paesi Bassi sono lieti di annunciare l\u2019iniziativa Ospitalit\u00e0 Italiana. Dal 17 al 23 novembre 2025 i ristoranti certificati con il marchio Ospitalit\u00e0 Italiana proporranno men\u00f9 ad hoc. Si riportano in fondo i ristoranti aderenti all\u2019iniziativa. [&hellip;]","protected":false},"author":12,"featured_media":0,"comment_status":"closed","ping_status":"closed","sticky":false,"template":"","format":"standard","meta":{"footnotes":""},"tags":[],"class_list":["post-6173","post","type-post","status-publish","format-standard","hentry"],"_links":{"self":[{"href":"https:\/\/amblaja.esteri.it\/it\/wp-json\/wp\/v2\/posts\/6173","targetHints":{"allow":["GET"]}}],"collection":[{"href":"https:\/\/amblaja.esteri.it\/it\/wp-json\/wp\/v2\/posts"}],"about":[{"href":"https:\/\/amblaja.esteri.it\/it\/wp-json\/wp\/v2\/types\/post"}],"author":[{"embeddable":true,"href":"https:\/\/amblaja.esteri.it\/it\/wp-json\/wp\/v2\/users\/12"}],"replies":[{"embeddable":true,"href":"https:\/\/amblaja.esteri.it\/it\/wp-json\/wp\/v2\/comments?post=6173"}],"version-history":[{"count":1,"href":"https:\/\/amblaja.esteri.it\/it\/wp-json\/wp\/v2\/posts\/6173\/revisions"}],"predecessor-version":[{"id":6179,"href":"https:\/\/amblaja.esteri.it\/it\/wp-json\/wp\/v2\/posts\/6173\/revisions\/6179"}],"wp:attachment":[{"href":"https:\/\/amblaja.esteri.it\/it\/wp-json\/wp\/v2\/media?parent=6173"}],"wp:term":[{"taxonomy":"post_tag","embeddable":true,"href":"https:\/\/amblaja.esteri.it\/it\/wp-json\/wp\/v2\/tags?post=6173"}],"curies":[{"name":"wp","href":"https:\/\/api.w.org\/{rel}","templated":true}]}}