{"id":6215,"date":"2025-11-13T18:24:08","date_gmt":"2025-11-13T16:24:08","guid":{"rendered":"https:\/\/amblaja.esteri.it\/?p=6215"},"modified":"2025-11-18T13:29:07","modified_gmt":"2025-11-18T11:29:07","slug":"diventa-sponsor-dellitalia-nei-paesi-bassi-nel-2026","status":"publish","type":"post","link":"https:\/\/amblaja.esteri.it\/it\/news\/dall_ambasciata\/2025\/11\/diventa-sponsor-dellitalia-nei-paesi-bassi-nel-2026\/","title":{"rendered":"Diventa sponsor dell\u2019Italia nei Paesi Bassi nel 2026"},"content":{"rendered":"<p><span style=\"font-size: 12.0pt; color: black;\">L\u2019Ambasciata d\u2019Italia a L\u2019Aja invita partner e sponsor interessati a promuovere la propria immagine attraverso iniziative italiane di rilievo nei Paesi Bassi, culturali, scientifiche, artistiche e commerciali.<\/span><\/p>\n<p><span style=\"font-size: 12.0pt; color: black;\">Il 2026 sar\u00e0 un anno ricco di eventi imperdibili: incontri tematici su Italia e Olanda, design, Made in Italy, musica, letteratura, cinema, cucina, celebrazioni culturali e iniziative commerciali di grande impatto. Tra le iniziative: Italian Design Day, Festa della Repubblica, proiezioni di cinema italiano, performance musicali e artistiche, eventi letterari e gastronomici.<\/span><\/p>\n<p><span style=\"font-size: 12.0pt; color: black;\">Partecipando come sponsor, la tua azienda o organizzazione avr\u00e0 visibilit\u00e0 presso comunit\u00e0 italiane e olandesi, autorit\u00e0, media e partner istituzionali, con campagne promozionali su stampa, social e materiali dedicati.<\/span><\/p>\n<p><strong><span style=\"font-size: 12.0pt; font-family: 'Calibri',sans-serif; color: black;\">Scadenza per presentare le offerte:<\/span><\/strong><span style=\"font-size: 12.0pt; color: black;\"> 31 dicembre 2025<\/span><\/p>\n<p><span style=\"font-size: 12.0pt; color: black;\"><br \/>\nPer informazioni e invio del modulo di sponsorizzazione: <a href=\"mailto:ambevents.denhaag@esteri.it\">ambevents.denhaag@esteri.it<\/a> (in copia: <a href=\"mailto:ambsec.denhaag@esteri.it\">ambsec.denhaag@esteri.it<\/a><\/span>)<\/p>\n<p><a href=\"https:\/\/amblaja.esteri.it\/wp-content\/uploads\/2025\/11\/BOZZA-AVVISO-PUBBLICO-DI-SPONSORIZZAZIONE-ANNO-2026-reev-2.0.pdf\">Link dettagli bando<\/a><\/p>\n<p><a href=\"https:\/\/amblaja.esteri.it\/wp-content\/uploads\/2025\/11\/Allegato-avviso-sponsorizzazione-2026.doc\">Link modulo sponsorizzazione<\/a><\/p>\n<p>&nbsp;<\/p>\n","protected":false},"excerpt":{"rendered":"L\u2019Ambasciata d\u2019Italia a L\u2019Aja invita partner e sponsor interessati a promuovere la propria immagine attraverso iniziative italiane di rilievo nei Paesi Bassi, culturali, scientifiche, artistiche e commerciali. Il 2026 sar\u00e0 un anno ricco di eventi imperdibili: incontri tematici su Italia e Olanda, design, Made in Italy, musica, letteratura, cinema, cucina, celebrazioni culturali e iniziative commerciali [&hellip;]","protected":false},"author":12,"featured_media":5106,"comment_status":"closed","ping_status":"closed","sticky":false,"template":"","format":"standard","meta":{"footnotes":""},"tags":[],"class_list":["post-6215","post","type-post","status-publish","format-standard","has-post-thumbnail","hentry"],"_links":{"self":[{"href":"https:\/\/amblaja.esteri.it\/it\/wp-json\/wp\/v2\/posts\/6215","targetHints":{"allow":["GET"]}}],"collection":[{"href":"https:\/\/amblaja.esteri.it\/it\/wp-json\/wp\/v2\/posts"}],"about":[{"href":"https:\/\/amblaja.esteri.it\/it\/wp-json\/wp\/v2\/types\/post"}],"author":[{"embeddable":true,"href":"https:\/\/amblaja.esteri.it\/it\/wp-json\/wp\/v2\/users\/12"}],"replies":[{"embeddable":true,"href":"https:\/\/amblaja.esteri.it\/it\/wp-json\/wp\/v2\/comments?post=6215"}],"version-history":[{"count":3,"href":"https:\/\/amblaja.esteri.it\/it\/wp-json\/wp\/v2\/posts\/6215\/revisions"}],"predecessor-version":[{"id":6243,"href":"https:\/\/amblaja.esteri.it\/it\/wp-json\/wp\/v2\/posts\/6215\/revisions\/6243"}],"wp:featuredmedia":[{"embeddable":true,"href":"https:\/\/amblaja.esteri.it\/it\/wp-json\/wp\/v2\/media\/5106"}],"wp:attachment":[{"href":"https:\/\/amblaja.esteri.it\/it\/wp-json\/wp\/v2\/media?parent=6215"}],"wp:term":[{"taxonomy":"post_tag","embeddable":true,"href":"https:\/\/amblaja.esteri.it\/it\/wp-json\/wp\/v2\/tags?post=6215"}],"curies":[{"name":"wp","href":"https:\/\/api.w.org\/{rel}","templated":true}]}}