{"id":6664,"date":"2026-01-20T19:21:43","date_gmt":"2026-01-20T17:21:43","guid":{"rendered":"https:\/\/amblaja.esteri.it\/?p=6664"},"modified":"2026-01-21T11:50:49","modified_gmt":"2026-01-21T09:50:49","slug":"visita-dellambasciatore-augusto-massari-al-centro-esa-estec","status":"publish","type":"post","link":"https:\/\/amblaja.esteri.it\/it\/news\/dall_ambasciata\/2026\/01\/visita-dellambasciatore-augusto-massari-al-centro-esa-estec\/","title":{"rendered":"Visita dell\u2019Ambasciatore Augusto Massari al centro ESA \u2013 ESTEC"},"content":{"rendered":"<p><strong>20 gennaio 2026, Noordwijk<\/strong><\/p>\n<p>Il centro ESA \u2013 European Space Research and Technology Centre (ESTEC) \u2013 di Noordwijk ospita la pi\u00f9 numerosa comunit\u00e0 italiana all\u2019interno di un\u2019agenzia europea con sede nei Paesi Bassi. Con circa 650 professionisti su 3.000 dipendenti complessivi, il personale italiano rappresenta circa un quinto dell\u2019organico del centro, configurandosi come una delle colonne portanti dell\u2019eccellenza scientifica e tecnologica dell\u2019ESA.<\/p>\n<p>In questo contesto, l\u2019Ambasciatore d\u2019Italia nei Paesi Bassi, Augusto Massari, ha visitato il centro ESA-ESTEC e incontrato la comunit\u00e0 scientifica italiana dell\u2019Agenzia, alla quale ha espresso vivo apprezzamento per l\u2019altissimo profilo professionale e per il contributo strategico che ingegneri, ricercatori e fisici italiani apportano quotidianamente allo sviluppo dei programmi spaziali europei. L\u2019Ambasciatore ha sottolineato come: \u201cLa presenza italiana a ESTEC rappresenti un modello virtuoso di integrazione europea fondato su competenze di eccellenza, senso di responsabilit\u00e0 e capacit\u00e0 di leadership tecnologica: i membri di questa comunit\u00e0 rappresentano un autentico punto di riferimento e dei veri ambasciatori dell\u2019Italia nel cuore del programma spaziale europeo\u201d.<\/p>\n<p>Nel corso dell\u2019incontro con il Direttore di ESTEC, Dietmar Pilz, \u00e8 stato approfondito il ruolo strategico del centro quale motore dell\u2019innovazione spaziale europea, anche in relazione al contributo delle attivit\u00e0 ESA alla sicurezza e alla resilienza dell\u2019Europa. In tale quadro, \u00e8 stato valorizzato il rafforzamento del contributo italiano ai programmi dell\u2019ESA, che con l\u2019impegno preso nel corso dell\u2019ultima conferenza ministeriale, ha raggiunto i 3,5 miliardi di euro, in aumento del 14% rispetto al precedente contributo (2022).<\/p>\n<p>A questo proposito, l\u2019Ambasciatore Augusto Massari ha evidenziato come \u201cESTEC sia un punto di incontro virtuoso tra competenze europee e industria ad alta tecnologia. La forte presenza italiana all\u2019interno dell\u2019Agenzia si traduce in opportunit\u00e0 concrete per il nostro sistema industriale: aziende come Leonardo, Avio, Thales e Telespazio sono partner di primo piano nei programmi ESA e contribuiscono a generare valore lungo l\u2019intera filiera aerospaziale\u201d.<\/p>\n<p>&nbsp;<\/p>\n","protected":false},"excerpt":{"rendered":"20 gennaio 2026, Noordwijk Il centro ESA \u2013 European Space Research and Technology Centre (ESTEC) \u2013 di Noordwijk ospita la pi\u00f9 numerosa comunit\u00e0 italiana all\u2019interno di un\u2019agenzia europea con sede nei Paesi Bassi. Con circa 650 professionisti su 3.000 dipendenti complessivi, il personale italiano rappresenta circa un quinto dell\u2019organico del centro, configurandosi come una delle [&hellip;]","protected":false},"author":12,"featured_media":6671,"comment_status":"closed","ping_status":"closed","sticky":false,"template":"","format":"standard","meta":{"footnotes":""},"tags":[9],"class_list":["post-6664","post","type-post","status-publish","format-standard","has-post-thumbnail","hentry","tag-diplomazia-scientifica"],"_links":{"self":[{"href":"https:\/\/amblaja.esteri.it\/it\/wp-json\/wp\/v2\/posts\/6664","targetHints":{"allow":["GET"]}}],"collection":[{"href":"https:\/\/amblaja.esteri.it\/it\/wp-json\/wp\/v2\/posts"}],"about":[{"href":"https:\/\/amblaja.esteri.it\/it\/wp-json\/wp\/v2\/types\/post"}],"author":[{"embeddable":true,"href":"https:\/\/amblaja.esteri.it\/it\/wp-json\/wp\/v2\/users\/12"}],"replies":[{"embeddable":true,"href":"https:\/\/amblaja.esteri.it\/it\/wp-json\/wp\/v2\/comments?post=6664"}],"version-history":[{"count":2,"href":"https:\/\/amblaja.esteri.it\/it\/wp-json\/wp\/v2\/posts\/6664\/revisions"}],"predecessor-version":[{"id":6680,"href":"https:\/\/amblaja.esteri.it\/it\/wp-json\/wp\/v2\/posts\/6664\/revisions\/6680"}],"wp:featuredmedia":[{"embeddable":true,"href":"https:\/\/amblaja.esteri.it\/it\/wp-json\/wp\/v2\/media\/6671"}],"wp:attachment":[{"href":"https:\/\/amblaja.esteri.it\/it\/wp-json\/wp\/v2\/media?parent=6664"}],"wp:term":[{"taxonomy":"post_tag","embeddable":true,"href":"https:\/\/amblaja.esteri.it\/it\/wp-json\/wp\/v2\/tags?post=6664"}],"curies":[{"name":"wp","href":"https:\/\/api.w.org\/{rel}","templated":true}]}}