{"id":8181,"date":"2026-09-02T23:03:06","date_gmt":"2026-09-02T21:03:06","guid":{"rendered":"https:\/\/amblaja.esteri.it\/?p=8181"},"modified":"2026-09-03T14:08:06","modified_gmt":"2026-09-03T12:08:06","slug":"lambasciatore-massari-partecipa-a-cerimonia-di-cambio-del-comando-eatc-ad-eindhoven-incontro-con-il-contingente-militare-italiano-che-partecipa-alla-cooperazione-multinazionale-per-la-mobilita-e-di","status":"publish","type":"post","link":"https:\/\/amblaja.esteri.it\/it\/news\/dall_ambasciata\/2026\/09\/lambasciatore-massari-partecipa-a-cerimonia-di-cambio-del-comando-eatc-ad-eindhoven-incontro-con-il-contingente-militare-italiano-che-partecipa-alla-cooperazione-multinazionale-per-la-mobilita-e-di\/","title":{"rendered":"l&#8217;Ambasciatore Massari partecipa a cerimonia di cambio del comando EATC ad Eindhoven: incontro con il contingente militare italiano che partecipa alla cooperazione multinazionale per la mobilit\u00e0 e difesa aerea europea."},"content":{"rendered":"<p>Il 2 settembre 2026 l\u2019Ambasciatore MASSARI ha partecipato a Eindhoven alla cerimonia di cambio di Comando dello European Air Trasport Command (EATC) fra il Generale francese MOLLARD ed il suo parigrado tedesco Generale BEST.<\/p>\n<p>Lo EATC \u00e8 un comando militare sito sull\u2019aeroporto di Eindhoven in cui sette nazioni (Belgio, Francia, Germania, Italia, Lussemburgo, Paesi Bassi, Spagna) gestiscono la pianificazione ed ottimizzazione interna dei voli militari di trasporto, rifornimento in volo ed evacuazione medica attraverso il meccanismo ATARES (Air Transport, Air to air Refuelling, and other Exchange Services).<\/p>\n<p>EATC pianifica e programma attivit\u00e0 di volo di interesse comune individuando la risorsa (velivolo) pi\u00f9 vicina e pi\u00f9 adatta fra quelle messe a disposizione dalle sette nazioni o ottimizza missioni nazionali comandate da una delle 7 nazioni in cui sono disponibili margini di carico o operazioni.<\/p>\n<p>In occasione della suggestiva cerimonia a Eindhoven sono stati invitati gli Ambasciatori delle sette nazioni EATC oltre alle autorit\u00e0 locali e quelle militari:<\/p>\n<p>dall\u2019Italia \u00e8 giunto il Generale di Divisione Aerea Luca MAINERI, Comandante del Comando Operativo delle Operazioni Aerospaziali di Poggio Renatico (Ferrara).<\/p>\n<p>Al termine della cerimonia, l\u2019Ambasciatore Massari ha incontrato i 27 militari italiani in servizio presso l\u2019EATC e il MCCE (Mobility Coordination Centre Europe), ricevendo un accurato briefing sulle attivit\u00e0 di EATC da parte del rappresentante nazionale presso EATC, Colonnello Paolo PIZZUTI.<\/p>\n<p>La partecipazione e la vicinanza della Ambasciata italiana nei Paesi Bassi ai nostri militari di EATC assume particolare importanza nel contesto attuale: EATC svolge infatti un ruolo centrale nella difesa europea rappresentando il nucleo del trasporto aereo, vitale per ogni mobilitazione militare di reazione a stati di crisi.<\/p>\n<p>\u201cL\u2019esperienza dell\u2019EATC &#8211; ha affermato l\u2019Amb. Massari durante la sua permanenza a Eindhoven &#8211; evidenzia come la cooperazione multinazionale possa contribuire all\u2019utilizzo pi\u00f9 efficiente delle risorse disponibili, rafforzando al tempo stesso l\u2019interoperabilit\u00e0 e la capacit\u00e0 dei Paesi di operare insieme. EATC \u00e8 un modello basato sulla condivisione, sul coordinamento e sulla fiducia reciproca, che assume particolare rilevanza in un contesto internazionale caratterizzato da crescenti esigenze di cooperazione e sicurezza collettiva\u201d.<\/p>\n","protected":false},"excerpt":{"rendered":"Il 2 settembre 2026 l\u2019Ambasciatore MASSARI ha partecipato a Eindhoven alla cerimonia di cambio di Comando dello European Air Trasport Command (EATC) fra il Generale francese MOLLARD ed il suo parigrado tedesco Generale BEST. Lo EATC \u00e8 un comando militare sito sull\u2019aeroporto di Eindhoven in cui sette nazioni (Belgio, Francia, Germania, Italia, Lussemburgo, Paesi Bassi, [&hellip;]","protected":false},"author":14,"featured_media":8183,"comment_status":"closed","ping_status":"closed","sticky":false,"template":"","format":"standard","meta":{"footnotes":""},"tags":[12,14,15],"class_list":["post-8181","post","type-post","status-publish","format-standard","has-post-thumbnail","hentry","tag-italiani-nel-mondo","tag-politica-estera","tag-unione-europea"],"_links":{"self":[{"href":"https:\/\/amblaja.esteri.it\/it\/wp-json\/wp\/v2\/posts\/8181","targetHints":{"allow":["GET"]}}],"collection":[{"href":"https:\/\/amblaja.esteri.it\/it\/wp-json\/wp\/v2\/posts"}],"about":[{"href":"https:\/\/amblaja.esteri.it\/it\/wp-json\/wp\/v2\/types\/post"}],"author":[{"embeddable":true,"href":"https:\/\/amblaja.esteri.it\/it\/wp-json\/wp\/v2\/users\/14"}],"replies":[{"embeddable":true,"href":"https:\/\/amblaja.esteri.it\/it\/wp-json\/wp\/v2\/comments?post=8181"}],"version-history":[{"count":1,"href":"https:\/\/amblaja.esteri.it\/it\/wp-json\/wp\/v2\/posts\/8181\/revisions"}],"predecessor-version":[{"id":8189,"href":"https:\/\/amblaja.esteri.it\/it\/wp-json\/wp\/v2\/posts\/8181\/revisions\/8189"}],"wp:featuredmedia":[{"embeddable":true,"href":"https:\/\/amblaja.esteri.it\/it\/wp-json\/wp\/v2\/media\/8183"}],"wp:attachment":[{"href":"https:\/\/amblaja.esteri.it\/it\/wp-json\/wp\/v2\/media?parent=8181"}],"wp:term":[{"taxonomy":"post_tag","embeddable":true,"href":"https:\/\/amblaja.esteri.it\/it\/wp-json\/wp\/v2\/tags?post=8181"}],"curies":[{"name":"wp","href":"https:\/\/api.w.org\/{rel}","templated":true}]}}